{"id":939,"date":"2022-09-05T09:59:07","date_gmt":"2022-09-05T07:59:07","guid":{"rendered":"http:\/\/robertrittermann.com\/?p=939"},"modified":"2022-09-05T11:12:33","modified_gmt":"2022-09-05T09:12:33","slug":"neobiota-4-cover","status":"publish","type":"post","link":"https:\/\/robertrittermann.com\/index.php\/2022\/09\/05\/neobiota-4-cover\/","title":{"rendered":"NEOBIOTA 4 &#8211; Cover"},"content":{"rendered":"\n<p>Das Cover von &#8222;Neobiota 4 &#8211; Das Vesta-Artefakt&#8220; habe ich mit Bildern der NASA umgesetzt, um eine m\u00f6glichst authentische Darstellung zu erreichen. Jupiter und der Kleinplanet Vesta sind dabei so angeordnet, dass ihre Ausrichtung zur Lichtquelle passend erscheint.<\/p>\n\n\n<div class=\"wp-block-image\">\n<figure class=\"aligncenter size-large is-resized\"><img loading=\"lazy\" decoding=\"async\" src=\"http:\/\/robertrittermann.com\/wp-content\/uploads\/2022\/09\/Neobiota4_Cover_EBook_02-640x1024.jpg\" alt=\"\" class=\"wp-image-940\" width=\"480\" height=\"768\" srcset=\"https:\/\/robertrittermann.com\/wp-content\/uploads\/2022\/09\/Neobiota4_Cover_EBook_02-640x1024.jpg 640w, https:\/\/robertrittermann.com\/wp-content\/uploads\/2022\/09\/Neobiota4_Cover_EBook_02-188x300.jpg 188w, https:\/\/robertrittermann.com\/wp-content\/uploads\/2022\/09\/Neobiota4_Cover_EBook_02-768x1229.jpg 768w, https:\/\/robertrittermann.com\/wp-content\/uploads\/2022\/09\/Neobiota4_Cover_EBook_02-500x800.jpg 500w, https:\/\/robertrittermann.com\/wp-content\/uploads\/2022\/09\/Neobiota4_Cover_EBook_02-960x1536.jpg 960w, https:\/\/robertrittermann.com\/wp-content\/uploads\/2022\/09\/Neobiota4_Cover_EBook_02-1280x2048.jpg 1280w, https:\/\/robertrittermann.com\/wp-content\/uploads\/2022\/09\/Neobiota4_Cover_EBook_02.jpg 1600w\" sizes=\"auto, (max-width: 480px) 100vw, 480px\" \/><\/figure><\/div>\n\n\n<p>Ein professionelles Buchcover f\u00fcr die eigene Geschichte ist weit mehr als ein verkaufsf\u00f6rderndes Aush\u00e4ngeschild, denn es macht die pers\u00f6nliche Vision des Schriftstellers sichtbar. In ihrer ganzen Essenz. <\/p>\n\n\n\n<div class=\"wp-block-group\"><div class=\"wp-block-group__inner-container is-layout-flow wp-block-group-is-layout-flow\">\n<div class=\"wp-block-columns is-layout-flex wp-container-core-columns-is-layout-1 wp-block-columns-is-layout-flex\">\n<div class=\"wp-block-column is-layout-flow wp-block-column-is-layout-flow\" style=\"flex-basis:100%\">\n<div class=\"wp-block-media-text alignwide is-stacked-on-mobile has-black-color has-text-color has-background\" style=\"background-color:#ffdc73;grid-template-columns:15% auto\"><figure class=\"wp-block-media-text__media\"><img loading=\"lazy\" decoding=\"async\" width=\"1024\" height=\"1024\" src=\"http:\/\/robertrittermann.com\/wp-content\/uploads\/2017\/09\/Robert_2017_01-1024x1024.jpg\" alt=\"\" class=\"wp-image-519 size-full\" srcset=\"https:\/\/robertrittermann.com\/wp-content\/uploads\/2017\/09\/Robert_2017_01-1024x1024.jpg 1024w, https:\/\/robertrittermann.com\/wp-content\/uploads\/2017\/09\/Robert_2017_01-300x300.jpg 300w, https:\/\/robertrittermann.com\/wp-content\/uploads\/2017\/09\/Robert_2017_01-768x768.jpg 768w, https:\/\/robertrittermann.com\/wp-content\/uploads\/2017\/09\/Robert_2017_01-500x500.jpg 500w, https:\/\/robertrittermann.com\/wp-content\/uploads\/2017\/09\/Robert_2017_01-150x150.jpg 150w\" sizes=\"auto, (max-width: 1024px) 100vw, 1024px\" \/><\/figure><div class=\"wp-block-media-text__content\">\n<p>Hi, ich bin Robert. Du hast einen Roman geschrieben? Er ist so spannend, dass er deine Leser nachts nicht schlafen l\u00e4sst? Als professioneller Illustrator und Cover-Artist betreue ich den kompletten Prozess deines Covers von der ersten Idee bis zum finalen Produkt. Und das Beste: Ich mache deine Vision sichtbar.<\/p>\n<\/div><\/div>\n<\/div>\n<\/div>\n<\/div><\/div>\n\n\n\n<p class=\"has-text-align-center\"><strong>Nimm gern Kontakt mit mir auf. Ich bin gespannt auf deine Projekte!<\/strong><\/p>\n\n\n\n<div class=\"wp-block-buttons is-layout-flex wp-block-buttons-is-layout-flex\">\n<div class=\"wp-block-button aligncenter\"><a class=\"wp-block-button__link has-luminous-vivid-amber-color has-black-background-color has-text-color has-background\" href=\"https:\/\/robertrittermann.com\/index.php\/contact\/\" target=\"_blank\" rel=\"noreferrer noopener\">ARBEITE MIT MIR<\/a><\/div>\n<\/div>\n\n\n\n<div style=\"height:40px\" aria-hidden=\"true\" class=\"wp-block-spacer\"><\/div>\n\n\n\n<hr class=\"wp-block-separator has-text-color has-black-color has-alpha-channel-opacity has-black-background-color has-background is-style-dots\"\/>\n\n\n\n<div style=\"height:8px\" aria-hidden=\"true\" class=\"wp-block-spacer\"><\/div>\n\n\n\n<p>NEOBIOTA 4 ist als Taschenbuch im Buchhandel und als signiertes Exemplar in meinem Webshop erh\u00e4ltlich.<\/p>\n\n\n\n<div class=\"wp-block-buttons is-layout-flex wp-block-buttons-is-layout-flex\">\n<div class=\"wp-block-button aligncenter has-custom-font-size is-style-fill has-medium-font-size\"><a class=\"wp-block-button__link has-luminous-vivid-amber-color has-black-background-color has-text-color has-background\" href=\"https:\/\/flyingcheese.bigcartel.com\/products\">&#8222;NEOBIOTA 4&#8220; KAUFEN<\/a><\/div>\n<\/div>\n\n\n\n<p>Das E-Book ist exklusiv bei Amazon erh\u00e4ltlich.<\/p>\n\n\n\n<figure class=\"wp-block-embed is-type-rich is-provider-amazon wp-block-embed-amazon\"><div class=\"wp-block-embed__wrapper\">\n<iframe loading=\"lazy\" title=\"Neobiota: Das Vesta-Artefakt (Band 4) \/ Science-Fiction\" type=\"text\/html\" width=\"780\" height=\"550\" frameborder=\"0\" allowfullscreen style=\"max-width:100%\" src=\"https:\/\/lesen.amazon.de\/kp\/card?preview=inline&#038;linkCode=kpd&#038;ref_=k4w_oembed_XSQKTUo3Etj1aU&#038;asin=B09R4DLQF4&#038;tag=kpembed-20\"><\/iframe>\n<\/div><\/figure>\n","protected":false},"excerpt":{"rendered":"<p>Das Cover von &#8222;Neobiota 4 &#8211; Das Vesta-Artefakt&#8220; habe ich mit Bildern der NASA umgesetzt, um eine m\u00f6glichst authentische Darstellung zu erreichen. Jupiter und der Kleinplanet Vesta sind dabei so angeordnet, dass ihre Ausrichtung zur Lichtquelle passend erscheint. Ein professionelles Buchcover f\u00fcr die eigene Geschichte ist weit mehr als ein verkaufsf\u00f6rderndes Aush\u00e4ngeschild, denn es macht [&hellip;]<\/p>\n","protected":false},"author":1,"featured_media":814,"comment_status":"closed","ping_status":"closed","sticky":false,"template":"","format":"standard","meta":{"footnotes":""},"categories":[1],"tags":[],"class_list":["post-939","post","type-post","status-publish","format-standard","has-post-thumbnail","hentry","category-allgemein"],"_links":{"self":[{"href":"https:\/\/robertrittermann.com\/index.php\/wp-json\/wp\/v2\/posts\/939","targetHints":{"allow":["GET"]}}],"collection":[{"href":"https:\/\/robertrittermann.com\/index.php\/wp-json\/wp\/v2\/posts"}],"about":[{"href":"https:\/\/robertrittermann.com\/index.php\/wp-json\/wp\/v2\/types\/post"}],"author":[{"embeddable":true,"href":"https:\/\/robertrittermann.com\/index.php\/wp-json\/wp\/v2\/users\/1"}],"replies":[{"embeddable":true,"href":"https:\/\/robertrittermann.com\/index.php\/wp-json\/wp\/v2\/comments?post=939"}],"version-history":[{"count":2,"href":"https:\/\/robertrittermann.com\/index.php\/wp-json\/wp\/v2\/posts\/939\/revisions"}],"predecessor-version":[{"id":1007,"href":"https:\/\/robertrittermann.com\/index.php\/wp-json\/wp\/v2\/posts\/939\/revisions\/1007"}],"wp:featuredmedia":[{"embeddable":true,"href":"https:\/\/robertrittermann.com\/index.php\/wp-json\/wp\/v2\/media\/814"}],"wp:attachment":[{"href":"https:\/\/robertrittermann.com\/index.php\/wp-json\/wp\/v2\/media?parent=939"}],"wp:term":[{"taxonomy":"category","embeddable":true,"href":"https:\/\/robertrittermann.com\/index.php\/wp-json\/wp\/v2\/categories?post=939"},{"taxonomy":"post_tag","embeddable":true,"href":"https:\/\/robertrittermann.com\/index.php\/wp-json\/wp\/v2\/tags?post=939"}],"curies":[{"name":"wp","href":"https:\/\/api.w.org\/{rel}","templated":true}]}}