{"id":1091,"date":"2022-11-24T08:52:58","date_gmt":"2022-11-24T07:52:58","guid":{"rendered":"https:\/\/robertrittermann.com\/?p=1091"},"modified":"2022-11-24T09:04:35","modified_gmt":"2022-11-24T08:04:35","slug":"asynchron1","status":"publish","type":"post","link":"https:\/\/robertrittermann.com\/index.php\/2022\/11\/24\/asynchron1\/","title":{"rendered":"ASYNCHRON 1 &#8211; Cover-Design"},"content":{"rendered":"\n<p>Das Cover f\u00fcr den ersten Band der dystopischen Buchreihe &#8222;Asynchron&#8220; von Autor Matthias Grabo sollte die Stimmung und den Inhalt des Romans wiedergeben, ohne zu viel vom Inhalt preiszugeben. Der Look sollte eine endzeitliche Stimmung mit leicht futuristischer Anmutung vermitteln. Die beiden interagierenden Hauptfiguren werden von der zentralen Bedrohung der Geschichte, welche die Bildmitte dominiert, gest\u00f6rt.<\/p>\n\n\n<div class=\"wp-block-image\">\n<figure class=\"aligncenter size-large is-resized\"><img loading=\"lazy\" decoding=\"async\" src=\"https:\/\/robertrittermann.com\/wp-content\/uploads\/2022\/11\/Asynchron_1_FotoCover_Ebook_1600x2560-640x1024.jpg\" alt=\"\" class=\"wp-image-1092\" width=\"480\" height=\"768\" srcset=\"https:\/\/robertrittermann.com\/wp-content\/uploads\/2022\/11\/Asynchron_1_FotoCover_Ebook_1600x2560-640x1024.jpg 640w, https:\/\/robertrittermann.com\/wp-content\/uploads\/2022\/11\/Asynchron_1_FotoCover_Ebook_1600x2560-188x300.jpg 188w, https:\/\/robertrittermann.com\/wp-content\/uploads\/2022\/11\/Asynchron_1_FotoCover_Ebook_1600x2560-768x1229.jpg 768w, https:\/\/robertrittermann.com\/wp-content\/uploads\/2022\/11\/Asynchron_1_FotoCover_Ebook_1600x2560-500x800.jpg 500w, https:\/\/robertrittermann.com\/wp-content\/uploads\/2022\/11\/Asynchron_1_FotoCover_Ebook_1600x2560-960x1536.jpg 960w, https:\/\/robertrittermann.com\/wp-content\/uploads\/2022\/11\/Asynchron_1_FotoCover_Ebook_1600x2560-1280x2048.jpg 1280w, https:\/\/robertrittermann.com\/wp-content\/uploads\/2022\/11\/Asynchron_1_FotoCover_Ebook_1600x2560.jpg 1600w\" sizes=\"auto, (max-width: 480px) 100vw, 480px\" \/><\/figure><\/div>\n\n\n<p>Ein professionelles Buchcover f\u00fcr die eigene Geschichte ist weit mehr als ein verkaufsf\u00f6rderndes Aush\u00e4ngeschild, denn es macht die pers\u00f6nliche Vision des Schriftstellers sichtbar. In ihrer ganzen Essenz. <\/p>\n\n\n\n<div class=\"wp-block-group\"><div class=\"wp-block-group__inner-container is-layout-flow wp-block-group-is-layout-flow\">\n<div class=\"wp-block-columns is-layout-flex wp-container-core-columns-is-layout-1 wp-block-columns-is-layout-flex\">\n<div class=\"wp-block-column is-layout-flow wp-block-column-is-layout-flow\" style=\"flex-basis:100%\">\n<div class=\"wp-block-media-text alignwide is-stacked-on-mobile has-black-color has-text-color has-background\" style=\"background-color:#ffdc73;grid-template-columns:15% auto\"><figure class=\"wp-block-media-text__media\"><img loading=\"lazy\" decoding=\"async\" width=\"1024\" height=\"1024\" src=\"http:\/\/robertrittermann.com\/wp-content\/uploads\/2017\/09\/Robert_2017_01-1024x1024.jpg\" alt=\"\" class=\"wp-image-519 size-full\" srcset=\"https:\/\/robertrittermann.com\/wp-content\/uploads\/2017\/09\/Robert_2017_01-1024x1024.jpg 1024w, https:\/\/robertrittermann.com\/wp-content\/uploads\/2017\/09\/Robert_2017_01-300x300.jpg 300w, https:\/\/robertrittermann.com\/wp-content\/uploads\/2017\/09\/Robert_2017_01-768x768.jpg 768w, https:\/\/robertrittermann.com\/wp-content\/uploads\/2017\/09\/Robert_2017_01-500x500.jpg 500w, https:\/\/robertrittermann.com\/wp-content\/uploads\/2017\/09\/Robert_2017_01-150x150.jpg 150w\" sizes=\"auto, (max-width: 1024px) 100vw, 1024px\" \/><\/figure><div class=\"wp-block-media-text__content\">\n<p>Hi, ich bin Robert. Du hast einen Roman geschrieben? Er ist so spannend, dass er deine Leser nachts nicht schlafen l\u00e4sst? Als professioneller Illustrator und Cover-Artist betreue ich den kompletten Prozess deines Covers von der ersten Idee bis zum finalen Produkt. Und das Beste: Ich mache deine Vision sichtbar.<\/p>\n<\/div><\/div>\n<\/div>\n<\/div>\n<\/div><\/div>\n\n\n\n<p class=\"has-text-align-center\"><strong>Nimm gern Kontakt mit mir auf. Ich bin gespannt auf deine Projekte!<\/strong><\/p>\n\n\n\n<div class=\"wp-block-buttons is-layout-flex wp-block-buttons-is-layout-flex\">\n<div class=\"wp-block-button aligncenter\"><a class=\"wp-block-button__link has-luminous-vivid-amber-color has-black-background-color has-text-color has-background wp-element-button\" href=\"https:\/\/robertrittermann.com\/index.php\/contact\/\" target=\"_blank\" rel=\"noreferrer noopener\">ARBEITE MIT MIR<\/a><\/div>\n<\/div>\n\n\n\n<div style=\"height:40px\" aria-hidden=\"true\" class=\"wp-block-spacer\"><\/div>\n\n\n\n<hr class=\"wp-block-separator has-text-color has-black-color has-alpha-channel-opacity has-black-background-color has-background is-style-dots\"\/>\n\n\n\n<div style=\"height:8px\" aria-hidden=\"true\" class=\"wp-block-spacer\"><\/div>\n\n\n\n<p>ASYNCHRON 1 ist als Taschenbuch im Buchhandel und als E-Book bei Amazon erh\u00e4ltlich.<\/p>\n\n\n\n<div class=\"wp-block-buttons is-layout-flex wp-block-buttons-is-layout-flex\">\n<div class=\"wp-block-button aligncenter\"><a class=\"wp-block-button__link has-luminous-vivid-amber-color has-black-background-color has-text-color has-background wp-element-button\" href=\"https:\/\/www.matthias-grabo.de\/\" target=\"_blank\" rel=\"noreferrer noopener\">WEBSITE MATTHIAS GRABO<\/a><\/div>\n<\/div>\n\n\n\n<div style=\"height:40px\" aria-hidden=\"true\" class=\"wp-block-spacer\"><\/div>\n\n\n\n<hr class=\"wp-block-separator has-text-color has-black-color has-alpha-channel-opacity has-black-background-color has-background is-style-dots\"\/>\n","protected":false},"excerpt":{"rendered":"<p>Das Cover f\u00fcr den ersten Band der dystopischen Buchreihe &#8222;Asynchron&#8220; von Autor Matthias Grabo sollte die Stimmung und den Inhalt des Romans wiedergeben, ohne zu viel vom Inhalt preiszugeben. Der Look sollte eine endzeitliche Stimmung mit leicht futuristischer Anmutung vermitteln. Die beiden interagierenden Hauptfiguren werden von der zentralen Bedrohung der Geschichte, welche die Bildmitte dominiert, [&hellip;]<\/p>\n","protected":false},"author":1,"featured_media":795,"comment_status":"closed","ping_status":"closed","sticky":false,"template":"","format":"standard","meta":{"footnotes":""},"categories":[1],"tags":[36,31,35,32,34,33,30],"class_list":["post-1091","post","type-post","status-publish","format-standard","has-post-thumbnail","hentry","category-allgemein","tag-amazon-e-book-cover-gestalten","tag-buchcover","tag-cover-eigener-roman","tag-coverdesign","tag-guenstige-buchcover","tag-premade-cover","tag-young-adult"],"_links":{"self":[{"href":"https:\/\/robertrittermann.com\/index.php\/wp-json\/wp\/v2\/posts\/1091","targetHints":{"allow":["GET"]}}],"collection":[{"href":"https:\/\/robertrittermann.com\/index.php\/wp-json\/wp\/v2\/posts"}],"about":[{"href":"https:\/\/robertrittermann.com\/index.php\/wp-json\/wp\/v2\/types\/post"}],"author":[{"embeddable":true,"href":"https:\/\/robertrittermann.com\/index.php\/wp-json\/wp\/v2\/users\/1"}],"replies":[{"embeddable":true,"href":"https:\/\/robertrittermann.com\/index.php\/wp-json\/wp\/v2\/comments?post=1091"}],"version-history":[{"count":1,"href":"https:\/\/robertrittermann.com\/index.php\/wp-json\/wp\/v2\/posts\/1091\/revisions"}],"predecessor-version":[{"id":1093,"href":"https:\/\/robertrittermann.com\/index.php\/wp-json\/wp\/v2\/posts\/1091\/revisions\/1093"}],"wp:featuredmedia":[{"embeddable":true,"href":"https:\/\/robertrittermann.com\/index.php\/wp-json\/wp\/v2\/media\/795"}],"wp:attachment":[{"href":"https:\/\/robertrittermann.com\/index.php\/wp-json\/wp\/v2\/media?parent=1091"}],"wp:term":[{"taxonomy":"category","embeddable":true,"href":"https:\/\/robertrittermann.com\/index.php\/wp-json\/wp\/v2\/categories?post=1091"},{"taxonomy":"post_tag","embeddable":true,"href":"https:\/\/robertrittermann.com\/index.php\/wp-json\/wp\/v2\/tags?post=1091"}],"curies":[{"name":"wp","href":"https:\/\/api.w.org\/{rel}","templated":true}]}}